{"id":2636,"date":"2014-02-10T16:19:21","date_gmt":"2014-02-10T16:19:21","guid":{"rendered":"http:\/\/wilhelmassocies.com\/le-cabinet-wilhelm-associes-sengage-aux-cotes-des-musees-dorsay-et-de-lorangerie\/"},"modified":"2018-09-10T10:24:47","modified_gmt":"2018-09-10T09:24:47","slug":"le-cabinet-wilhelm-associes-sengage-aux-cotes-des-musees-dorsay-et-de-lorangerie","status":"publish","type":"post","link":"https:\/\/www.wilhelmassocies.com\/en\/le-cabinet-wilhelm-associes-sengage-aux-cotes-des-musees-dorsay-et-de-lorangerie\/","title":{"rendered":"Le cabinet Wilhelm &#038; Associ\u00e9s s&#8217;engage aux c\u00f4t\u00e9s des mus\u00e9es d&#8217;Orsay et de l&#8217;Orangerie"},"content":{"rendered":"<p>A l\u2019approche de son 20<sup>\u00e8me<\/sup>\u00a0anniversaire, le cabinet WILHELM &amp; Associ\u00e9s a d\u00e9cid\u00e9 d\u2019offrir son soutien sur deux ann\u00e9es aux c\u00e9l\u00e8bres mus\u00e9es parisiens.<\/p>\n<p>En 2014, le cabinet sera m\u00e9c\u00e8ne de l\u2019exposition\u00a0<em>\u00ab\u00a0Vincent Van Gogh\/Antonin Artaud. Le suicid\u00e9 de la soci\u00e9t\u00e9\u00a0\u00bb<\/em>\u00a0qui se tiendra du 11 mars au 6 juillet prochain.<\/p>\n<p>En mettant en regard l\u2019\u0153uvre du po\u00e8te Antonin Artaud (1896-1948) et le peintre Vincent Van Gogh, cette exposition prend le contre-pied de la th\u00e8se de l\u2019ali\u00e9nation, et s\u2019attache \u00e0 d\u00e9montrer comment la lucidit\u00e9\u00a0sup\u00e9rieure de Van Gogh g\u00eanait les consciences ordinaires.<\/p>\n<p>Le parcours de l\u2019exposition se d\u00e9roule ainsi \u00e0 travers une cinquantaine de tableaux, un choix de dessins et de lettres de Van Gogh ainsi qu\u2019une s\u00e9lection d\u2019\u0153uvres graphiques du po\u00e8te-dessinateur.<\/p>\n<p>Fervent amateur de peinture, le fondateur du cabinet, Pascal WILHELM, concr\u00e9tise un projet qui lui tenait \u00e0 c\u0153ur depuis longtemps.<\/p>\n<p><em>\u00ab\u00a0L\u2019art d\u2019aujourd\u2019hui doit toujours chercher de nouvelles fronti\u00e8res \u00e0 franchir, mais l\u2019art d\u2019hier nous sert comme rappel d\u2019o\u00f9 nous venons. De la m\u00eame mani\u00e8re, le droit d\u2019aujourd\u2019hui se doit \u00eatre innovant et d\u2019apporter du sens, alors que le droit d\u2019hier nous sert de rep\u00e8re et permet de donner de la perspective\u00a0\u00bb<\/em>.<\/p>\n<p><u>Pour plus d\u2019informations sur le m\u00e9c\u00e9nat<\/u>\u00a0: Julie De Coninck,\u00a0<a class=\"liens\">jdeconinck@wilhelmassocies.com<\/a><br \/>\n<u>Pour plus d\u2019informations sur l\u2019exposition<\/u>\u00a0:\u00a0<a class=\"liens\" title=\"http:\/\/www.musee-orsay.fr\/\" href=\"http:\/\/www.musee-orsay.fr\/fr\/evenements\/expositions\/au-musee-dorsay\/presentation-generale\/article\/vincent-van-gogh-antonin-artaud-37162.html?tx_ttnews%5BbackPid%5D=254&amp;cHash=602ad3b13e\" target=\"_blank\" rel=\"noopener\">http:\/\/www.musee-orsay.fr<\/a><\/p>\n<p>&nbsp;<\/p>\n","protected":false},"excerpt":{"rendered":"<p>A l\u2019approche de son 20\u00e8me\u00a0anniversaire, le cabinet WILHELM &amp; Associ\u00e9s a d\u00e9cid\u00e9 d\u2019offrir son soutien sur deux ann\u00e9es aux c\u00e9l\u00e8bres mus\u00e9es parisiens. En 2014, le cabinet sera m\u00e9c\u00e8ne de l\u2019exposition\u00a0\u00ab\u00a0Vincent Van Gogh\/Antonin Artaud. Le suicid\u00e9 de la soci\u00e9t\u00e9\u00a0\u00bb\u00a0qui se tiendra du 11 mars au 6 juillet prochain. En mettant en regard l\u2019\u0153uvre du po\u00e8te Antonin [&hellip;]<\/p>\n","protected":false},"author":9,"featured_media":1436,"comment_status":"open","ping_status":"open","sticky":false,"template":"","format":"standard","meta":{"_acf_changed":false,"_monsterinsights_skip_tracking":false,"_monsterinsights_sitenote_active":false,"_monsterinsights_sitenote_note":"","_monsterinsights_sitenote_category":0,"footnotes":""},"categories":[14],"tags":[54],"class_list":["post-2636","post","type-post","status-publish","format-standard","has-post-thumbnail","hentry","category-vie_du_cabinet-en","tag-sponsorship-en"],"acf":[],"yoast_head":"<!-- This site is optimized with the Yoast SEO plugin v27.1.1 - https:\/\/yoast.com\/product\/yoast-seo-wordpress\/ -->\n<title>Le cabinet Wilhelm &amp; Associ\u00e9s s&#039;engage aux c\u00f4t\u00e9s des mus\u00e9es d&#039;Orsay et de l&#039;Orangerie &#8212; Wilhelm &amp; Associ\u00e9s<\/title>\n<meta name=\"robots\" content=\"index, follow, max-snippet:-1, max-image-preview:large, max-video-preview:-1\" \/>\n<link rel=\"canonical\" href=\"https:\/\/www.wilhelmassocies.com\/en\/le-cabinet-wilhelm-associes-sengage-aux-cotes-des-musees-dorsay-et-de-lorangerie\/\" \/>\n<meta property=\"og:locale\" content=\"en_US\" \/>\n<meta property=\"og:type\" content=\"article\" \/>\n<meta property=\"og:title\" content=\"Le cabinet Wilhelm &amp; Associ\u00e9s s&#039;engage aux c\u00f4t\u00e9s des mus\u00e9es d&#039;Orsay et de l&#039;Orangerie &#8212; Wilhelm &amp; Associ\u00e9s\" \/>\n<meta property=\"og:description\" content=\"A l\u2019approche de son 20\u00e8me\u00a0anniversaire, le cabinet WILHELM &amp; Associ\u00e9s a d\u00e9cid\u00e9 d\u2019offrir son soutien sur deux ann\u00e9es aux c\u00e9l\u00e8bres mus\u00e9es parisiens. En 2014, le cabinet sera m\u00e9c\u00e8ne de l\u2019exposition\u00a0\u00ab\u00a0Vincent Van Gogh\/Antonin Artaud. Le suicid\u00e9 de la soci\u00e9t\u00e9\u00a0\u00bb\u00a0qui se tiendra du 11 mars au 6 juillet prochain. En mettant en regard l\u2019\u0153uvre du po\u00e8te Antonin [&hellip;]\" \/>\n<meta property=\"og:url\" content=\"https:\/\/www.wilhelmassocies.com\/en\/le-cabinet-wilhelm-associes-sengage-aux-cotes-des-musees-dorsay-et-de-lorangerie\/\" \/>\n<meta property=\"og:site_name\" content=\"Wilhelm &amp; Associ\u00e9s\" \/>\n<meta property=\"article:published_time\" content=\"2014-02-10T16:19:21+00:00\" \/>\n<meta property=\"article:modified_time\" content=\"2018-09-10T09:24:47+00:00\" \/>\n<meta property=\"og:image\" content=\"https:\/\/www.wilhelmassocies.com\/wp-content\/uploads\/2018\/01\/img-513x458-05.jpg\" \/>\n\t<meta property=\"og:image:width\" content=\"513\" \/>\n\t<meta property=\"og:image:height\" content=\"458\" \/>\n\t<meta property=\"og:image:type\" content=\"image\/jpeg\" \/>\n<meta name=\"author\" content=\"Eliott_Markus_Dev\" \/>\n<meta name=\"twitter:card\" content=\"summary_large_image\" \/>\n<meta name=\"twitter:creator\" content=\"@WilhelmAssocies\" \/>\n<meta name=\"twitter:site\" content=\"@WilhelmAssocies\" \/>\n<meta name=\"twitter:label1\" content=\"Written by\" \/>\n\t<meta name=\"twitter:data1\" content=\"Eliott_Markus_Dev\" \/>\n\t<meta name=\"twitter:label2\" content=\"Est. reading time\" \/>\n\t<meta name=\"twitter:data2\" content=\"1 minute\" \/>\n<script type=\"application\/ld+json\" class=\"yoast-schema-graph\">{\"@context\":\"https:\/\/schema.org\",\"@graph\":[{\"@type\":\"Article\",\"@id\":\"https:\/\/www.wilhelmassocies.com\/en\/le-cabinet-wilhelm-associes-sengage-aux-cotes-des-musees-dorsay-et-de-lorangerie\/#article\",\"isPartOf\":{\"@id\":\"https:\/\/www.wilhelmassocies.com\/en\/le-cabinet-wilhelm-associes-sengage-aux-cotes-des-musees-dorsay-et-de-lorangerie\/\"},\"author\":{\"name\":\"Eliott_Markus_Dev\",\"@id\":\"https:\/\/www.wilhelmassocies.com\/en\/#\/schema\/person\/8ee27420c277aae2ffec9f20a13796a5\"},\"headline\":\"Le cabinet Wilhelm &#038; Associ\u00e9s s&#8217;engage aux c\u00f4t\u00e9s des mus\u00e9es d&#8217;Orsay et de l&#8217;Orangerie\",\"datePublished\":\"2014-02-10T16:19:21+00:00\",\"dateModified\":\"2018-09-10T09:24:47+00:00\",\"mainEntityOfPage\":{\"@id\":\"https:\/\/www.wilhelmassocies.com\/en\/le-cabinet-wilhelm-associes-sengage-aux-cotes-des-musees-dorsay-et-de-lorangerie\/\"},\"wordCount\":273,\"commentCount\":0,\"publisher\":{\"@id\":\"https:\/\/www.wilhelmassocies.com\/en\/#organization\"},\"image\":{\"@id\":\"https:\/\/www.wilhelmassocies.com\/en\/le-cabinet-wilhelm-associes-sengage-aux-cotes-des-musees-dorsay-et-de-lorangerie\/#primaryimage\"},\"thumbnailUrl\":\"https:\/\/www.wilhelmassocies.com\/wp-content\/uploads\/2018\/01\/img-513x458-05.jpg\",\"keywords\":[\"sponsorship\"],\"articleSection\":[\"Firm News\"],\"inLanguage\":\"en-US\",\"potentialAction\":[{\"@type\":\"CommentAction\",\"name\":\"Comment\",\"target\":[\"https:\/\/www.wilhelmassocies.com\/en\/le-cabinet-wilhelm-associes-sengage-aux-cotes-des-musees-dorsay-et-de-lorangerie\/#respond\"]}]},{\"@type\":\"WebPage\",\"@id\":\"https:\/\/www.wilhelmassocies.com\/en\/le-cabinet-wilhelm-associes-sengage-aux-cotes-des-musees-dorsay-et-de-lorangerie\/\",\"url\":\"https:\/\/www.wilhelmassocies.com\/en\/le-cabinet-wilhelm-associes-sengage-aux-cotes-des-musees-dorsay-et-de-lorangerie\/\",\"name\":\"Le cabinet Wilhelm & Associ\u00e9s s'engage aux c\u00f4t\u00e9s des mus\u00e9es d'Orsay et de l'Orangerie &#8212; Wilhelm &amp; Associ\u00e9s\",\"isPartOf\":{\"@id\":\"https:\/\/www.wilhelmassocies.com\/en\/#website\"},\"primaryImageOfPage\":{\"@id\":\"https:\/\/www.wilhelmassocies.com\/en\/le-cabinet-wilhelm-associes-sengage-aux-cotes-des-musees-dorsay-et-de-lorangerie\/#primaryimage\"},\"image\":{\"@id\":\"https:\/\/www.wilhelmassocies.com\/en\/le-cabinet-wilhelm-associes-sengage-aux-cotes-des-musees-dorsay-et-de-lorangerie\/#primaryimage\"},\"thumbnailUrl\":\"https:\/\/www.wilhelmassocies.com\/wp-content\/uploads\/2018\/01\/img-513x458-05.jpg\",\"datePublished\":\"2014-02-10T16:19:21+00:00\",\"dateModified\":\"2018-09-10T09:24:47+00:00\",\"breadcrumb\":{\"@id\":\"https:\/\/www.wilhelmassocies.com\/en\/le-cabinet-wilhelm-associes-sengage-aux-cotes-des-musees-dorsay-et-de-lorangerie\/#breadcrumb\"},\"inLanguage\":\"en-US\",\"potentialAction\":[{\"@type\":\"ReadAction\",\"target\":[\"https:\/\/www.wilhelmassocies.com\/en\/le-cabinet-wilhelm-associes-sengage-aux-cotes-des-musees-dorsay-et-de-lorangerie\/\"]}]},{\"@type\":\"ImageObject\",\"inLanguage\":\"en-US\",\"@id\":\"https:\/\/www.wilhelmassocies.com\/en\/le-cabinet-wilhelm-associes-sengage-aux-cotes-des-musees-dorsay-et-de-lorangerie\/#primaryimage\",\"url\":\"https:\/\/www.wilhelmassocies.com\/wp-content\/uploads\/2018\/01\/img-513x458-05.jpg\",\"contentUrl\":\"https:\/\/www.wilhelmassocies.com\/wp-content\/uploads\/2018\/01\/img-513x458-05.jpg\",\"width\":513,\"height\":458},{\"@type\":\"BreadcrumbList\",\"@id\":\"https:\/\/www.wilhelmassocies.com\/en\/le-cabinet-wilhelm-associes-sengage-aux-cotes-des-musees-dorsay-et-de-lorangerie\/#breadcrumb\",\"itemListElement\":[{\"@type\":\"ListItem\",\"position\":1,\"name\":\"Home\",\"item\":\"https:\/\/www.wilhelmassocies.com\/en\/\"},{\"@type\":\"ListItem\",\"position\":2,\"name\":\"Le cabinet Wilhelm &#038; Associ\u00e9s s&#8217;engage aux c\u00f4t\u00e9s des mus\u00e9es d&#8217;Orsay et de l&#8217;Orangerie\"}]},{\"@type\":\"WebSite\",\"@id\":\"https:\/\/www.wilhelmassocies.com\/en\/#website\",\"url\":\"https:\/\/www.wilhelmassocies.com\/en\/\",\"name\":\"Wilhelm &amp; Associ\u00e9s\",\"description\":\"\",\"publisher\":{\"@id\":\"https:\/\/www.wilhelmassocies.com\/en\/#organization\"},\"potentialAction\":[{\"@type\":\"SearchAction\",\"target\":{\"@type\":\"EntryPoint\",\"urlTemplate\":\"https:\/\/www.wilhelmassocies.com\/en\/?s={search_term_string}\"},\"query-input\":{\"@type\":\"PropertyValueSpecification\",\"valueRequired\":true,\"valueName\":\"search_term_string\"}}],\"inLanguage\":\"en-US\"},{\"@type\":\"Organization\",\"@id\":\"https:\/\/www.wilhelmassocies.com\/en\/#organization\",\"name\":\"Wilhelm & Associ\u00e9s\",\"url\":\"https:\/\/www.wilhelmassocies.com\/en\/\",\"logo\":{\"@type\":\"ImageObject\",\"inLanguage\":\"en-US\",\"@id\":\"https:\/\/www.wilhelmassocies.com\/en\/#\/schema\/logo\/image\/\",\"url\":\"https:\/\/www.wilhelmassocies.com\/wp-content\/uploads\/2017\/11\/logo.png\",\"contentUrl\":\"https:\/\/www.wilhelmassocies.com\/wp-content\/uploads\/2017\/11\/logo.png\",\"width\":142,\"height\":38,\"caption\":\"Wilhelm & Associ\u00e9s\"},\"image\":{\"@id\":\"https:\/\/www.wilhelmassocies.com\/en\/#\/schema\/logo\/image\/\"},\"sameAs\":[\"https:\/\/x.com\/WilhelmAssocies\",\"https:\/\/www.linkedin.com\/company\/2137083\/\"]},{\"@type\":\"Person\",\"@id\":\"https:\/\/www.wilhelmassocies.com\/en\/#\/schema\/person\/8ee27420c277aae2ffec9f20a13796a5\",\"name\":\"Eliott_Markus_Dev\",\"url\":\"https:\/\/www.wilhelmassocies.com\/en\/author\/Eliott_Markus_Dev\/\"}]}<\/script>\n<!-- \/ Yoast SEO plugin. -->","yoast_head_json":{"title":"Le cabinet Wilhelm & Associ\u00e9s s'engage aux c\u00f4t\u00e9s des mus\u00e9es d'Orsay et de l'Orangerie &#8212; Wilhelm &amp; Associ\u00e9s","robots":{"index":"index","follow":"follow","max-snippet":"max-snippet:-1","max-image-preview":"max-image-preview:large","max-video-preview":"max-video-preview:-1"},"canonical":"https:\/\/www.wilhelmassocies.com\/en\/le-cabinet-wilhelm-associes-sengage-aux-cotes-des-musees-dorsay-et-de-lorangerie\/","og_locale":"en_US","og_type":"article","og_title":"Le cabinet Wilhelm & Associ\u00e9s s'engage aux c\u00f4t\u00e9s des mus\u00e9es d'Orsay et de l'Orangerie &#8212; Wilhelm &amp; Associ\u00e9s","og_description":"A l\u2019approche de son 20\u00e8me\u00a0anniversaire, le cabinet WILHELM &amp; Associ\u00e9s a d\u00e9cid\u00e9 d\u2019offrir son soutien sur deux ann\u00e9es aux c\u00e9l\u00e8bres mus\u00e9es parisiens. En 2014, le cabinet sera m\u00e9c\u00e8ne de l\u2019exposition\u00a0\u00ab\u00a0Vincent Van Gogh\/Antonin Artaud. Le suicid\u00e9 de la soci\u00e9t\u00e9\u00a0\u00bb\u00a0qui se tiendra du 11 mars au 6 juillet prochain. En mettant en regard l\u2019\u0153uvre du po\u00e8te Antonin [&hellip;]","og_url":"https:\/\/www.wilhelmassocies.com\/en\/le-cabinet-wilhelm-associes-sengage-aux-cotes-des-musees-dorsay-et-de-lorangerie\/","og_site_name":"Wilhelm &amp; Associ\u00e9s","article_published_time":"2014-02-10T16:19:21+00:00","article_modified_time":"2018-09-10T09:24:47+00:00","og_image":[{"width":513,"height":458,"url":"https:\/\/www.wilhelmassocies.com\/wp-content\/uploads\/2018\/01\/img-513x458-05.jpg","type":"image\/jpeg"}],"author":"Eliott_Markus_Dev","twitter_card":"summary_large_image","twitter_creator":"@WilhelmAssocies","twitter_site":"@WilhelmAssocies","twitter_misc":{"Written by":"Eliott_Markus_Dev","Est. reading time":"1 minute"},"schema":{"@context":"https:\/\/schema.org","@graph":[{"@type":"Article","@id":"https:\/\/www.wilhelmassocies.com\/en\/le-cabinet-wilhelm-associes-sengage-aux-cotes-des-musees-dorsay-et-de-lorangerie\/#article","isPartOf":{"@id":"https:\/\/www.wilhelmassocies.com\/en\/le-cabinet-wilhelm-associes-sengage-aux-cotes-des-musees-dorsay-et-de-lorangerie\/"},"author":{"name":"Eliott_Markus_Dev","@id":"https:\/\/www.wilhelmassocies.com\/en\/#\/schema\/person\/8ee27420c277aae2ffec9f20a13796a5"},"headline":"Le cabinet Wilhelm &#038; Associ\u00e9s s&#8217;engage aux c\u00f4t\u00e9s des mus\u00e9es d&#8217;Orsay et de l&#8217;Orangerie","datePublished":"2014-02-10T16:19:21+00:00","dateModified":"2018-09-10T09:24:47+00:00","mainEntityOfPage":{"@id":"https:\/\/www.wilhelmassocies.com\/en\/le-cabinet-wilhelm-associes-sengage-aux-cotes-des-musees-dorsay-et-de-lorangerie\/"},"wordCount":273,"commentCount":0,"publisher":{"@id":"https:\/\/www.wilhelmassocies.com\/en\/#organization"},"image":{"@id":"https:\/\/www.wilhelmassocies.com\/en\/le-cabinet-wilhelm-associes-sengage-aux-cotes-des-musees-dorsay-et-de-lorangerie\/#primaryimage"},"thumbnailUrl":"https:\/\/www.wilhelmassocies.com\/wp-content\/uploads\/2018\/01\/img-513x458-05.jpg","keywords":["sponsorship"],"articleSection":["Firm News"],"inLanguage":"en-US","potentialAction":[{"@type":"CommentAction","name":"Comment","target":["https:\/\/www.wilhelmassocies.com\/en\/le-cabinet-wilhelm-associes-sengage-aux-cotes-des-musees-dorsay-et-de-lorangerie\/#respond"]}]},{"@type":"WebPage","@id":"https:\/\/www.wilhelmassocies.com\/en\/le-cabinet-wilhelm-associes-sengage-aux-cotes-des-musees-dorsay-et-de-lorangerie\/","url":"https:\/\/www.wilhelmassocies.com\/en\/le-cabinet-wilhelm-associes-sengage-aux-cotes-des-musees-dorsay-et-de-lorangerie\/","name":"Le cabinet Wilhelm & Associ\u00e9s s'engage aux c\u00f4t\u00e9s des mus\u00e9es d'Orsay et de l'Orangerie &#8212; Wilhelm &amp; Associ\u00e9s","isPartOf":{"@id":"https:\/\/www.wilhelmassocies.com\/en\/#website"},"primaryImageOfPage":{"@id":"https:\/\/www.wilhelmassocies.com\/en\/le-cabinet-wilhelm-associes-sengage-aux-cotes-des-musees-dorsay-et-de-lorangerie\/#primaryimage"},"image":{"@id":"https:\/\/www.wilhelmassocies.com\/en\/le-cabinet-wilhelm-associes-sengage-aux-cotes-des-musees-dorsay-et-de-lorangerie\/#primaryimage"},"thumbnailUrl":"https:\/\/www.wilhelmassocies.com\/wp-content\/uploads\/2018\/01\/img-513x458-05.jpg","datePublished":"2014-02-10T16:19:21+00:00","dateModified":"2018-09-10T09:24:47+00:00","breadcrumb":{"@id":"https:\/\/www.wilhelmassocies.com\/en\/le-cabinet-wilhelm-associes-sengage-aux-cotes-des-musees-dorsay-et-de-lorangerie\/#breadcrumb"},"inLanguage":"en-US","potentialAction":[{"@type":"ReadAction","target":["https:\/\/www.wilhelmassocies.com\/en\/le-cabinet-wilhelm-associes-sengage-aux-cotes-des-musees-dorsay-et-de-lorangerie\/"]}]},{"@type":"ImageObject","inLanguage":"en-US","@id":"https:\/\/www.wilhelmassocies.com\/en\/le-cabinet-wilhelm-associes-sengage-aux-cotes-des-musees-dorsay-et-de-lorangerie\/#primaryimage","url":"https:\/\/www.wilhelmassocies.com\/wp-content\/uploads\/2018\/01\/img-513x458-05.jpg","contentUrl":"https:\/\/www.wilhelmassocies.com\/wp-content\/uploads\/2018\/01\/img-513x458-05.jpg","width":513,"height":458},{"@type":"BreadcrumbList","@id":"https:\/\/www.wilhelmassocies.com\/en\/le-cabinet-wilhelm-associes-sengage-aux-cotes-des-musees-dorsay-et-de-lorangerie\/#breadcrumb","itemListElement":[{"@type":"ListItem","position":1,"name":"Home","item":"https:\/\/www.wilhelmassocies.com\/en\/"},{"@type":"ListItem","position":2,"name":"Le cabinet Wilhelm &#038; Associ\u00e9s s&#8217;engage aux c\u00f4t\u00e9s des mus\u00e9es d&#8217;Orsay et de l&#8217;Orangerie"}]},{"@type":"WebSite","@id":"https:\/\/www.wilhelmassocies.com\/en\/#website","url":"https:\/\/www.wilhelmassocies.com\/en\/","name":"Wilhelm &amp; Associ\u00e9s","description":"","publisher":{"@id":"https:\/\/www.wilhelmassocies.com\/en\/#organization"},"potentialAction":[{"@type":"SearchAction","target":{"@type":"EntryPoint","urlTemplate":"https:\/\/www.wilhelmassocies.com\/en\/?s={search_term_string}"},"query-input":{"@type":"PropertyValueSpecification","valueRequired":true,"valueName":"search_term_string"}}],"inLanguage":"en-US"},{"@type":"Organization","@id":"https:\/\/www.wilhelmassocies.com\/en\/#organization","name":"Wilhelm & Associ\u00e9s","url":"https:\/\/www.wilhelmassocies.com\/en\/","logo":{"@type":"ImageObject","inLanguage":"en-US","@id":"https:\/\/www.wilhelmassocies.com\/en\/#\/schema\/logo\/image\/","url":"https:\/\/www.wilhelmassocies.com\/wp-content\/uploads\/2017\/11\/logo.png","contentUrl":"https:\/\/www.wilhelmassocies.com\/wp-content\/uploads\/2017\/11\/logo.png","width":142,"height":38,"caption":"Wilhelm & Associ\u00e9s"},"image":{"@id":"https:\/\/www.wilhelmassocies.com\/en\/#\/schema\/logo\/image\/"},"sameAs":["https:\/\/x.com\/WilhelmAssocies","https:\/\/www.linkedin.com\/company\/2137083\/"]},{"@type":"Person","@id":"https:\/\/www.wilhelmassocies.com\/en\/#\/schema\/person\/8ee27420c277aae2ffec9f20a13796a5","name":"Eliott_Markus_Dev","url":"https:\/\/www.wilhelmassocies.com\/en\/author\/Eliott_Markus_Dev\/"}]}},"_links":{"self":[{"href":"https:\/\/www.wilhelmassocies.com\/en\/wp-json\/wp\/v2\/posts\/2636","targetHints":{"allow":["GET"]}}],"collection":[{"href":"https:\/\/www.wilhelmassocies.com\/en\/wp-json\/wp\/v2\/posts"}],"about":[{"href":"https:\/\/www.wilhelmassocies.com\/en\/wp-json\/wp\/v2\/types\/post"}],"author":[{"embeddable":true,"href":"https:\/\/www.wilhelmassocies.com\/en\/wp-json\/wp\/v2\/users\/9"}],"replies":[{"embeddable":true,"href":"https:\/\/www.wilhelmassocies.com\/en\/wp-json\/wp\/v2\/comments?post=2636"}],"version-history":[{"count":1,"href":"https:\/\/www.wilhelmassocies.com\/en\/wp-json\/wp\/v2\/posts\/2636\/revisions"}],"predecessor-version":[{"id":2637,"href":"https:\/\/www.wilhelmassocies.com\/en\/wp-json\/wp\/v2\/posts\/2636\/revisions\/2637"}],"wp:featuredmedia":[{"embeddable":true,"href":"https:\/\/www.wilhelmassocies.com\/en\/wp-json\/wp\/v2\/media\/1436"}],"wp:attachment":[{"href":"https:\/\/www.wilhelmassocies.com\/en\/wp-json\/wp\/v2\/media?parent=2636"}],"wp:term":[{"taxonomy":"category","embeddable":true,"href":"https:\/\/www.wilhelmassocies.com\/en\/wp-json\/wp\/v2\/categories?post=2636"},{"taxonomy":"post_tag","embeddable":true,"href":"https:\/\/www.wilhelmassocies.com\/en\/wp-json\/wp\/v2\/tags?post=2636"}],"curies":[{"name":"wp","href":"https:\/\/api.w.org\/{rel}","templated":true}]}}